{"id":3620,"date":"2018-04-04T17:18:32","date_gmt":"2018-04-04T17:18:32","guid":{"rendered":"http:\/\/text-unlimited.de\/wordpress\/?p=3620"},"modified":"2018-07-13T12:58:20","modified_gmt":"2018-07-13T12:58:20","slug":"die-kraft-der-worte","status":"publish","type":"post","link":"https:\/\/text-unlimited.de\/wordpress\/die-kraft-der-worte\/","title":{"rendered":"Die Kraft der Worte"},"content":{"rendered":"<p><iframe loading=\"lazy\" src=\"https:\/\/www.youtube.com\/embed\/BKv65MdlV-c\" width=\"560\" height=\"315\" frameborder=\"0\" allowfullscreen=\"allowfullscreen\"><\/iframe><\/p>\n<p>Die gro\u00dfartige Schriftstellerin und B\u00fcrgerrechtlerin \u2013 aber auch S\u00e4ngerin und T\u00e4nzerin \u2013 Dr. Maya Angelou w\u00e4re heute 90 Jahre alt geworden. Der erste Teil ihrer Autobiografie\u00a0<i>I Know Why the Caged Bird Sings<\/i>\u00a0(1969) machte sie international bekannt. <!--more-->Mit folgendem Satz zitiert sie darin ihre Lehrerin: \u201eDu liebst die Poesie nicht. Du wirst sie nie lieben, bis du sie sprichst. Bis sie \u00fcber deine Zunge durch deine Z\u00e4hne \u00fcber deine Lippen kommt, wirst du die Poesie nie lieben.\u201c<\/p>\n<p>Wenn man Maya Angelou sprechen h\u00f6rt, ist man gefesselt von ihrer W\u00e4rme und Art zu akzentuieren. Sie verk\u00f6rpert afro-amerikanische Erz\u00e4hlkunst, Weisheit und Empathie. Vor dem Hintergrund ihrer Biografie haben Angelous Worte besondere Bedeutung. Als Kind durch Missbrauch traumatisiert, verstummte sie f\u00fcr ganze f\u00fcnf Jahre und fand erst allm\u00e4hlich ihre Stimme wieder. Aber selbst, wenn man <em>The Power of Words<\/em> nur f\u00fcr sich nimmt, reflektieren die Worte Angelous nicht nur eine hohe Sensibilit\u00e4t f\u00fcr die Kraft der Sprache \u2013 sie atmen sie auf wunderbare Weise.<\/p>\n","protected":false},"excerpt":{"rendered":"<p>Die gro\u00dfartige Schriftstellerin und B\u00fcrgerrechtlerin \u2013 aber auch S\u00e4ngerin und T\u00e4nzerin \u2013 Dr. Maya Angelou w\u00e4re heute 90 Jahre alt geworden. Der erste Teil ihrer Autobiografie\u00a0I Know Why the Caged Bird Sings\u00a0(1969) machte sie international bekannt.<\/p>\n","protected":false},"author":2,"featured_media":0,"comment_status":"closed","ping_status":"closed","sticky":false,"template":"","format":"standard","meta":{"footnotes":""},"categories":[5],"tags":[],"class_list":["post-3620","post","type-post","status-publish","format-standard","hentry","category-fundstuecke"],"yoast_head":"<!-- This site is optimized with the Yoast SEO plugin v27.3 - https:\/\/yoast.com\/product\/yoast-seo-wordpress\/ -->\n<title>Die Kraft der Worte<\/title>\n<meta name=\"description\" content=\"Die gro\u00dfartige Schriftstellerin und B\u00fcrgerrechtlerin \u2013 aber auch S\u00e4ngerin und T\u00e4nzerin \u2013 Dr. Maya Angelou w\u00e4re heute 90 Jahre alt geworden. Der erste Teil ihrer Autobiografie\u00a0I Know Why the Caged Bird Sings\u00a0(1969) machte sie international bekannt. Mit folgendem Satz zitiert sie darin ihre Lehrerin:\" \/>\n<meta name=\"robots\" content=\"index, follow, max-snippet:-1, max-image-preview:large, max-video-preview:-1\" \/>\n<link rel=\"canonical\" href=\"https:\/\/text-unlimited.de\/wordpress\/die-kraft-der-worte\/\" \/>\n<meta property=\"og:locale\" content=\"de_DE\" \/>\n<meta property=\"og:type\" content=\"article\" \/>\n<meta property=\"og:title\" content=\"Die Kraft der Worte\" \/>\n<meta property=\"og:description\" content=\"Die gro\u00dfartige Schriftstellerin und B\u00fcrgerrechtlerin \u2013 aber auch S\u00e4ngerin und T\u00e4nzerin \u2013 Dr. Maya Angelou w\u00e4re heute 90 Jahre alt geworden. Der erste Teil ihrer Autobiografie\u00a0I Know Why the Caged Bird Sings\u00a0(1969) machte sie international bekannt. Mit folgendem Satz zitiert sie darin ihre Lehrerin:\" \/>\n<meta property=\"og:url\" content=\"https:\/\/text-unlimited.de\/wordpress\/die-kraft-der-worte\/\" \/>\n<meta property=\"og:site_name\" content=\"text UNLIMITED\u00ae\" \/>\n<meta property=\"article:publisher\" content=\"https:\/\/www.facebook.com\/text-UNLIMITED-328580183829213\/\" \/>\n<meta property=\"article:published_time\" content=\"2018-04-04T17:18:32+00:00\" \/>\n<meta property=\"article:modified_time\" content=\"2018-07-13T12:58:20+00:00\" \/>\n<meta name=\"author\" content=\"Kerstin Bahr\" \/>\n<meta name=\"twitter:label1\" content=\"Verfasst von\" \/>\n\t<meta name=\"twitter:data1\" content=\"Kerstin Bahr\" \/>\n\t<meta name=\"twitter:label2\" content=\"Gesch\u00e4tzte Lesezeit\" \/>\n\t<meta name=\"twitter:data2\" content=\"1\u00a0Minute\" \/>\n<script type=\"application\/ld+json\" class=\"yoast-schema-graph\">{\"@context\":\"https:\\\/\\\/schema.org\",\"@graph\":[{\"@type\":\"Article\",\"@id\":\"https:\\\/\\\/text-unlimited.de\\\/wordpress\\\/die-kraft-der-worte\\\/#article\",\"isPartOf\":{\"@id\":\"https:\\\/\\\/text-unlimited.de\\\/wordpress\\\/die-kraft-der-worte\\\/\"},\"author\":{\"name\":\"Kerstin Bahr\",\"@id\":\"https:\\\/\\\/text-unlimited.de\\\/wordpress\\\/#\\\/schema\\\/person\\\/ceba2c0eda74691eb49c2431e368eb21\"},\"headline\":\"Die Kraft der Worte\",\"datePublished\":\"2018-04-04T17:18:32+00:00\",\"dateModified\":\"2018-07-13T12:58:20+00:00\",\"mainEntityOfPage\":{\"@id\":\"https:\\\/\\\/text-unlimited.de\\\/wordpress\\\/die-kraft-der-worte\\\/\"},\"wordCount\":177,\"articleSection\":[\"Fundst\u00fccke\"],\"inLanguage\":\"de\"},{\"@type\":\"WebPage\",\"@id\":\"https:\\\/\\\/text-unlimited.de\\\/wordpress\\\/die-kraft-der-worte\\\/\",\"url\":\"https:\\\/\\\/text-unlimited.de\\\/wordpress\\\/die-kraft-der-worte\\\/\",\"name\":\"Die Kraft der Worte\",\"isPartOf\":{\"@id\":\"https:\\\/\\\/text-unlimited.de\\\/wordpress\\\/#website\"},\"datePublished\":\"2018-04-04T17:18:32+00:00\",\"dateModified\":\"2018-07-13T12:58:20+00:00\",\"author\":{\"@id\":\"https:\\\/\\\/text-unlimited.de\\\/wordpress\\\/#\\\/schema\\\/person\\\/ceba2c0eda74691eb49c2431e368eb21\"},\"description\":\"Die gro\u00dfartige Schriftstellerin und B\u00fcrgerrechtlerin \u2013 aber auch S\u00e4ngerin und T\u00e4nzerin \u2013 Dr. Maya Angelou w\u00e4re heute 90 Jahre alt geworden. Der erste Teil ihrer Autobiografie\u00a0I Know Why the Caged Bird Sings\u00a0(1969) machte sie international bekannt. Mit folgendem Satz zitiert sie darin ihre Lehrerin:\",\"breadcrumb\":{\"@id\":\"https:\\\/\\\/text-unlimited.de\\\/wordpress\\\/die-kraft-der-worte\\\/#breadcrumb\"},\"inLanguage\":\"de\",\"potentialAction\":[{\"@type\":\"ReadAction\",\"target\":[\"https:\\\/\\\/text-unlimited.de\\\/wordpress\\\/die-kraft-der-worte\\\/\"]}]},{\"@type\":\"BreadcrumbList\",\"@id\":\"https:\\\/\\\/text-unlimited.de\\\/wordpress\\\/die-kraft-der-worte\\\/#breadcrumb\",\"itemListElement\":[{\"@type\":\"ListItem\",\"position\":1,\"name\":\"Home\",\"item\":\"https:\\\/\\\/text-unlimited.de\\\/wordpress\\\/\"},{\"@type\":\"ListItem\",\"position\":2,\"name\":\"Die Kraft der Worte\"}]},{\"@type\":\"WebSite\",\"@id\":\"https:\\\/\\\/text-unlimited.de\\\/wordpress\\\/#website\",\"url\":\"https:\\\/\\\/text-unlimited.de\\\/wordpress\\\/\",\"name\":\"text UNLIMITED\u00ae\",\"description\":\"Klartext, Konzeption, Kommunikation\",\"potentialAction\":[{\"@type\":\"SearchAction\",\"target\":{\"@type\":\"EntryPoint\",\"urlTemplate\":\"https:\\\/\\\/text-unlimited.de\\\/wordpress\\\/?s={search_term_string}\"},\"query-input\":{\"@type\":\"PropertyValueSpecification\",\"valueRequired\":true,\"valueName\":\"search_term_string\"}}],\"inLanguage\":\"de\"},{\"@type\":\"Person\",\"@id\":\"https:\\\/\\\/text-unlimited.de\\\/wordpress\\\/#\\\/schema\\\/person\\\/ceba2c0eda74691eb49c2431e368eb21\",\"name\":\"Kerstin Bahr\",\"image\":{\"@type\":\"ImageObject\",\"inLanguage\":\"de\",\"@id\":\"https:\\\/\\\/secure.gravatar.com\\\/avatar\\\/342ebce4ffecd4d3d01d79a4c29a0470cee6fdcd063602fc8f62117d19cf29aa?s=96&d=mm&r=g\",\"url\":\"https:\\\/\\\/secure.gravatar.com\\\/avatar\\\/342ebce4ffecd4d3d01d79a4c29a0470cee6fdcd063602fc8f62117d19cf29aa?s=96&d=mm&r=g\",\"contentUrl\":\"https:\\\/\\\/secure.gravatar.com\\\/avatar\\\/342ebce4ffecd4d3d01d79a4c29a0470cee6fdcd063602fc8f62117d19cf29aa?s=96&d=mm&r=g\",\"caption\":\"Kerstin Bahr\"},\"url\":\"https:\\\/\\\/text-unlimited.de\\\/wordpress\\\/author\\\/kerstin-bahr\\\/\"}]}<\/script>\n<!-- \/ Yoast SEO plugin. -->","yoast_head_json":{"title":"Die Kraft der Worte","description":"Die gro\u00dfartige Schriftstellerin und B\u00fcrgerrechtlerin \u2013 aber auch S\u00e4ngerin und T\u00e4nzerin \u2013 Dr. Maya Angelou w\u00e4re heute 90 Jahre alt geworden. Der erste Teil ihrer Autobiografie\u00a0I Know Why the Caged Bird Sings\u00a0(1969) machte sie international bekannt. Mit folgendem Satz zitiert sie darin ihre Lehrerin:","robots":{"index":"index","follow":"follow","max-snippet":"max-snippet:-1","max-image-preview":"max-image-preview:large","max-video-preview":"max-video-preview:-1"},"canonical":"https:\/\/text-unlimited.de\/wordpress\/die-kraft-der-worte\/","og_locale":"de_DE","og_type":"article","og_title":"Die Kraft der Worte","og_description":"Die gro\u00dfartige Schriftstellerin und B\u00fcrgerrechtlerin \u2013 aber auch S\u00e4ngerin und T\u00e4nzerin \u2013 Dr. Maya Angelou w\u00e4re heute 90 Jahre alt geworden. Der erste Teil ihrer Autobiografie\u00a0I Know Why the Caged Bird Sings\u00a0(1969) machte sie international bekannt. Mit folgendem Satz zitiert sie darin ihre Lehrerin:","og_url":"https:\/\/text-unlimited.de\/wordpress\/die-kraft-der-worte\/","og_site_name":"text UNLIMITED\u00ae","article_publisher":"https:\/\/www.facebook.com\/text-UNLIMITED-328580183829213\/","article_published_time":"2018-04-04T17:18:32+00:00","article_modified_time":"2018-07-13T12:58:20+00:00","author":"Kerstin Bahr","twitter_misc":{"Verfasst von":"Kerstin Bahr","Gesch\u00e4tzte Lesezeit":"1\u00a0Minute"},"schema":{"@context":"https:\/\/schema.org","@graph":[{"@type":"Article","@id":"https:\/\/text-unlimited.de\/wordpress\/die-kraft-der-worte\/#article","isPartOf":{"@id":"https:\/\/text-unlimited.de\/wordpress\/die-kraft-der-worte\/"},"author":{"name":"Kerstin Bahr","@id":"https:\/\/text-unlimited.de\/wordpress\/#\/schema\/person\/ceba2c0eda74691eb49c2431e368eb21"},"headline":"Die Kraft der Worte","datePublished":"2018-04-04T17:18:32+00:00","dateModified":"2018-07-13T12:58:20+00:00","mainEntityOfPage":{"@id":"https:\/\/text-unlimited.de\/wordpress\/die-kraft-der-worte\/"},"wordCount":177,"articleSection":["Fundst\u00fccke"],"inLanguage":"de"},{"@type":"WebPage","@id":"https:\/\/text-unlimited.de\/wordpress\/die-kraft-der-worte\/","url":"https:\/\/text-unlimited.de\/wordpress\/die-kraft-der-worte\/","name":"Die Kraft der Worte","isPartOf":{"@id":"https:\/\/text-unlimited.de\/wordpress\/#website"},"datePublished":"2018-04-04T17:18:32+00:00","dateModified":"2018-07-13T12:58:20+00:00","author":{"@id":"https:\/\/text-unlimited.de\/wordpress\/#\/schema\/person\/ceba2c0eda74691eb49c2431e368eb21"},"description":"Die gro\u00dfartige Schriftstellerin und B\u00fcrgerrechtlerin \u2013 aber auch S\u00e4ngerin und T\u00e4nzerin \u2013 Dr. Maya Angelou w\u00e4re heute 90 Jahre alt geworden. Der erste Teil ihrer Autobiografie\u00a0I Know Why the Caged Bird Sings\u00a0(1969) machte sie international bekannt. Mit folgendem Satz zitiert sie darin ihre Lehrerin:","breadcrumb":{"@id":"https:\/\/text-unlimited.de\/wordpress\/die-kraft-der-worte\/#breadcrumb"},"inLanguage":"de","potentialAction":[{"@type":"ReadAction","target":["https:\/\/text-unlimited.de\/wordpress\/die-kraft-der-worte\/"]}]},{"@type":"BreadcrumbList","@id":"https:\/\/text-unlimited.de\/wordpress\/die-kraft-der-worte\/#breadcrumb","itemListElement":[{"@type":"ListItem","position":1,"name":"Home","item":"https:\/\/text-unlimited.de\/wordpress\/"},{"@type":"ListItem","position":2,"name":"Die Kraft der Worte"}]},{"@type":"WebSite","@id":"https:\/\/text-unlimited.de\/wordpress\/#website","url":"https:\/\/text-unlimited.de\/wordpress\/","name":"text UNLIMITED\u00ae","description":"Klartext, Konzeption, Kommunikation","potentialAction":[{"@type":"SearchAction","target":{"@type":"EntryPoint","urlTemplate":"https:\/\/text-unlimited.de\/wordpress\/?s={search_term_string}"},"query-input":{"@type":"PropertyValueSpecification","valueRequired":true,"valueName":"search_term_string"}}],"inLanguage":"de"},{"@type":"Person","@id":"https:\/\/text-unlimited.de\/wordpress\/#\/schema\/person\/ceba2c0eda74691eb49c2431e368eb21","name":"Kerstin Bahr","image":{"@type":"ImageObject","inLanguage":"de","@id":"https:\/\/secure.gravatar.com\/avatar\/342ebce4ffecd4d3d01d79a4c29a0470cee6fdcd063602fc8f62117d19cf29aa?s=96&d=mm&r=g","url":"https:\/\/secure.gravatar.com\/avatar\/342ebce4ffecd4d3d01d79a4c29a0470cee6fdcd063602fc8f62117d19cf29aa?s=96&d=mm&r=g","contentUrl":"https:\/\/secure.gravatar.com\/avatar\/342ebce4ffecd4d3d01d79a4c29a0470cee6fdcd063602fc8f62117d19cf29aa?s=96&d=mm&r=g","caption":"Kerstin Bahr"},"url":"https:\/\/text-unlimited.de\/wordpress\/author\/kerstin-bahr\/"}]}},"_links":{"self":[{"href":"https:\/\/text-unlimited.de\/wordpress\/wp-json\/wp\/v2\/posts\/3620","targetHints":{"allow":["GET"]}}],"collection":[{"href":"https:\/\/text-unlimited.de\/wordpress\/wp-json\/wp\/v2\/posts"}],"about":[{"href":"https:\/\/text-unlimited.de\/wordpress\/wp-json\/wp\/v2\/types\/post"}],"author":[{"embeddable":true,"href":"https:\/\/text-unlimited.de\/wordpress\/wp-json\/wp\/v2\/users\/2"}],"replies":[{"embeddable":true,"href":"https:\/\/text-unlimited.de\/wordpress\/wp-json\/wp\/v2\/comments?post=3620"}],"version-history":[{"count":19,"href":"https:\/\/text-unlimited.de\/wordpress\/wp-json\/wp\/v2\/posts\/3620\/revisions"}],"predecessor-version":[{"id":3636,"href":"https:\/\/text-unlimited.de\/wordpress\/wp-json\/wp\/v2\/posts\/3620\/revisions\/3636"}],"wp:attachment":[{"href":"https:\/\/text-unlimited.de\/wordpress\/wp-json\/wp\/v2\/media?parent=3620"}],"wp:term":[{"taxonomy":"category","embeddable":true,"href":"https:\/\/text-unlimited.de\/wordpress\/wp-json\/wp\/v2\/categories?post=3620"},{"taxonomy":"post_tag","embeddable":true,"href":"https:\/\/text-unlimited.de\/wordpress\/wp-json\/wp\/v2\/tags?post=3620"}],"curies":[{"name":"wp","href":"https:\/\/api.w.org\/{rel}","templated":true}]}}